{"id":9489,"date":"2025-04-03T07:00:00","date_gmt":"2025-04-03T05:00:00","guid":{"rendered":"https:\/\/lalonja.tech\/?p=9489"},"modified":"2026-08-28T11:47:35","modified_gmt":"2026-08-28T09:47:35","slug":"la-lonja-de-la-innovacion-protagonist-of-a-new-cycle-of-la-mirada-economica-on-successful-startups","status":"publish","type":"post","link":"https:\/\/lalonja.tech\/en\/la-lonja-de-la-innovacion-protagonist-of-a-new-cycle-of-la-mirada-economica-on-successful-startups\/","title":{"rendered":"La Lonja de la Innovaci\u00f3n, protagonist of a new cycle of 'La mirada econ\u00f3mica' on successful startups"},"content":{"rendered":"\n<p>Yesterday, a new event in the \"La mirada econ\u00f3mica\" cycle, organized by Huelva24.com and Vocento, took place under the title \"Pioneers. This is what successful startups born in Huelva are like,\" featuring La Lonja de la Innovaci\u00f3n as the protagonist.<\/p>\n\n\n\n<p>Roc\u00edo D\u00edaz, director of La Lonja de la Innovaci\u00f3n, was one of the speakers in the event, with representatives from two startups accelerated at La Lonja: Ch\u00edo D\u00edez, COO of Nexterra Agrotech and one of our mentors, and Juan Luis Mej\u00edas, CTO of Kuviotech. Eric S\u00e1nchez, mentor at La Lonja de la Innovaci\u00f3n and CEO of Reental was also one of the participants.<\/p>\n\n\n\n<p>They all agreed that it is necessary to take risks and be brave if you have an entrepreneurial dream. They also emphasized the importance of investing in Huelva, since there is a great deal of talent there that is sometimes wasted due to a fear of failure and a lack of opportunities in their hometown, leading them to end up starting businesses outside the province.<\/p>\n\n\n\n<p>Eric S\u00e1nchez is one of the examples of how from Huelva is possible to start a business. Our mentor founded Reental a few years ago, a real estate investment platform with a crowdfunding model. He says that he had the opportunity to start this entrepreneurial adventure in Madrid, but he decided to do it from Huelva, and now highlights that they are \u201cthe second largest company in the world of its sector and the largest in Spain. From Huelva a huge opportunity has been created\u201d. After sharing his success story, he has encouraged young people to bet on Huelva and added that \u201c an ecosystem must be created so that young people see that they can have opportunities here.\u201d&nbsp;<\/p>\n\n\n\n<p>Ch\u00edo D\u00edez, Operational Director of Nexterra Agrotech, a startup accelerated at La Lonja de la Innovaci\u00f3n that provides specialized chitosan solutions for sustainable agriculture, was the next speaker. \u201cWe want Spain\u2019s first chitosan plant to be located in Huelva. There are only two more in Europe, and we would like it to be here so that it can become a benchmark for biosustainable initiatives,\u201d Ch\u00edo stated. In addition, she highlighted the support received from the very beginning from the Huelva Port Authority and La Lonja de la Innovaci\u00f3n: \u201cThey opened up a new paradigm for us. They told us that the project had great potential and helped us find sponsors. They completely changed the trajectory of our initiative by providing us with many resources.\u201d<\/p>\n\n\n\n<p>&nbsp;She didn\u2019t want to end her speech without, just like Eric, encouraging young people to start businesses in Huelva. \u201cLa Lonja has created a good mix of industry and technology, and let\u2019s see if we can build a strong local base so that young people see they don\u2019t have to leave and that they have a place here to learn and develop their ideas and talent.\u201d<\/p>\n\n\n\n<p>For its part, Kuviotech is a startup specialized in the IoT sector for sustainability and efficiency projects that also joined La Lonja de la Innovaci\u00f3n to accelerate its project. Its representative was Juan Luis Mej\u00edas, the company's chief technology officer, who highlighted how the Port of Huelva gave them synergy and offered to carry out pilot projects. He also stressed that \"in Andalusia there are more and more opportunities, and Huelva has them simply due to the Port, which is a huge focus and allows for many synergies.\"<\/p>\n\n\n\n<p>Finally, there was the intervention of Roc\u00edo D\u00edaz, director of La Lonja de la Innovaci\u00f3n. \"The Port seeks solutions for large and small companies, and that is why it created La Lonja. We started three years ago and have carried out some 1,200 activities with 4,000 attendees. In addition, we have made the leap to internationalization and work with South America or Singapore,\" she highlighted regarding the initiative. Roc\u00edo also did not want to end without making an appeal to young entrepreneurs to bet on Huelva: \"This takes time, and people need to believe in it, which I think is one of the things we lack in Huelva.\"<\/p>\n\n\n\n<p>And, without a doubt, these three success stories are clear proof that it is possible to start a business in Huelva. For this reason, at La Lonja de la Innovaci\u00f3n we promote entrepreneurship and the digital transformation of the port sector, with the aim of promoting socioeconomic development through collaboration between companies, institutions, and entrepreneurs.<\/p>\n","protected":false},"excerpt":{"rendered":"<p>A new event in the \"La mirada econ\u00f3mica\" cycle, organized by Huelva24.com and Vocento, had La Lonja de la Innovaci\u00f3n as the protagonist.<\/p>\n","protected":false},"author":6,"featured_media":7583,"comment_status":"closed","ping_status":"open","sticky":false,"template":"","format":"standard","meta":{"footnotes":""},"categories":[112],"tags":[],"class_list":["post-9489","post","type-post","status-publish","format-standard","has-post-thumbnail","hentry","category-news"],"yoast_head":"<!-- This site is optimized with the Yoast SEO plugin v25.6 - https:\/\/yoast.com\/wordpress\/plugins\/seo\/ -->\n<title>La Lonja protagonist of a new cycle of &#039;La mirada econ\u00f3mica&#039; | La Lonja<\/title>\n<meta name=\"description\" content=\"A new event in the &quot;La mirada econ\u00f3mica&quot; cycle, organized by Huelva24.com and Vocento, had La Lonja de la Innovaci\u00f3n as the protagonist.\" \/>\n<meta name=\"robots\" content=\"index, follow, max-snippet:-1, max-image-preview:large, max-video-preview:-1\" \/>\n<link rel=\"canonical\" href=\"https:\/\/lalonja.tech\/en\/la-lonja-de-la-innovacion-protagonist-of-a-new-cycle-of-la-mirada-economica-on-successful-startups\/\" \/>\n<meta property=\"og:locale\" content=\"en_US\" \/>\n<meta property=\"og:type\" content=\"article\" \/>\n<meta property=\"og:title\" content=\"La Lonja protagonist of a new cycle of &#039;La mirada econ\u00f3mica&#039; | La Lonja\" \/>\n<meta property=\"og:description\" content=\"A new event in the &quot;La mirada econ\u00f3mica&quot; cycle, organized by Huelva24.com and Vocento, had La Lonja de la Innovaci\u00f3n as the protagonist.\" \/>\n<meta property=\"og:url\" content=\"https:\/\/lalonja.tech\/en\/la-lonja-de-la-innovacion-protagonist-of-a-new-cycle-of-la-mirada-economica-on-successful-startups\/\" \/>\n<meta property=\"og:site_name\" content=\"La Lonja\" \/>\n<meta property=\"article:publisher\" content=\"https:\/\/www.facebook.com\/lalonjatech\" \/>\n<meta property=\"article:published_time\" content=\"2025-04-03T05:00:00+00:00\" \/>\n<meta property=\"article:modified_time\" content=\"2026-08-28T09:47:35+00:00\" \/>\n<meta property=\"og:image\" content=\"https:\/\/lalonja.tech\/wp-content\/uploads\/2025\/04\/ciclo-pioneros.jpg\" \/>\n\t<meta property=\"og:image:width\" content=\"1023\" \/>\n\t<meta property=\"og:image:height\" content=\"720\" \/>\n\t<meta property=\"og:image:type\" content=\"image\/jpeg\" \/>\n<meta name=\"author\" content=\"Angie Moran\" \/>\n<meta name=\"twitter:card\" content=\"summary_large_image\" \/>\n<meta name=\"twitter:label1\" content=\"Written by\" \/>\n\t<meta name=\"twitter:data1\" content=\"Angie Moran\" \/>\n\t<meta name=\"twitter:label2\" content=\"Est. reading time\" \/>\n\t<meta name=\"twitter:data2\" content=\"4 minutes\" \/>\n<script type=\"application\/ld+json\" class=\"yoast-schema-graph\">{\"@context\":\"https:\/\/schema.org\",\"@graph\":[{\"@type\":\"Article\",\"@id\":\"https:\/\/lalonja.tech\/en\/la-lonja-de-la-innovacion-protagonist-of-a-new-cycle-of-la-mirada-economica-on-successful-startups\/#article\",\"isPartOf\":{\"@id\":\"https:\/\/lalonja.tech\/en\/la-lonja-de-la-innovacion-protagonist-of-a-new-cycle-of-la-mirada-economica-on-successful-startups\/\"},\"author\":{\"name\":\"Angie Moran\",\"@id\":\"https:\/\/www.lalonja.tech\/#\/schema\/person\/fe08183d2e899ac6fbc81a259fac63df\"},\"headline\":\"La Lonja de la Innovaci\u00f3n, protagonist of a new cycle of 'La mirada econ\u00f3mica' on successful startups\",\"datePublished\":\"2025-04-03T05:00:00+00:00\",\"dateModified\":\"2026-08-28T09:47:35+00:00\",\"mainEntityOfPage\":{\"@id\":\"https:\/\/lalonja.tech\/en\/la-lonja-de-la-innovacion-protagonist-of-a-new-cycle-of-la-mirada-economica-on-successful-startups\/\"},\"wordCount\":775,\"publisher\":{\"@id\":\"https:\/\/www.lalonja.tech\/#organization\"},\"image\":{\"@id\":\"https:\/\/lalonja.tech\/en\/la-lonja-de-la-innovacion-protagonist-of-a-new-cycle-of-la-mirada-economica-on-successful-startups\/#primaryimage\"},\"thumbnailUrl\":\"\/wp-content\/uploads\/2025\/04\/ciclo-pioneros.jpg\",\"articleSection\":[\"News\"],\"inLanguage\":\"en-US\"},{\"@type\":\"WebPage\",\"@id\":\"https:\/\/lalonja.tech\/en\/la-lonja-de-la-innovacion-protagonist-of-a-new-cycle-of-la-mirada-economica-on-successful-startups\/\",\"url\":\"https:\/\/lalonja.tech\/en\/la-lonja-de-la-innovacion-protagonist-of-a-new-cycle-of-la-mirada-economica-on-successful-startups\/\",\"name\":\"La Lonja protagonist of a new cycle of 'La mirada econ\u00f3mica' | La Lonja\",\"isPartOf\":{\"@id\":\"https:\/\/www.lalonja.tech\/#website\"},\"primaryImageOfPage\":{\"@id\":\"https:\/\/lalonja.tech\/en\/la-lonja-de-la-innovacion-protagonist-of-a-new-cycle-of-la-mirada-economica-on-successful-startups\/#primaryimage\"},\"image\":{\"@id\":\"https:\/\/lalonja.tech\/en\/la-lonja-de-la-innovacion-protagonist-of-a-new-cycle-of-la-mirada-economica-on-successful-startups\/#primaryimage\"},\"thumbnailUrl\":\"\/wp-content\/uploads\/2025\/04\/ciclo-pioneros.jpg\",\"datePublished\":\"2025-04-03T05:00:00+00:00\",\"dateModified\":\"2026-08-28T09:47:35+00:00\",\"description\":\"A new event in the \\\"La mirada econ\u00f3mica\\\" cycle, organized by Huelva24.com and Vocento, had La Lonja de la Innovaci\u00f3n as the protagonist.\",\"breadcrumb\":{\"@id\":\"https:\/\/lalonja.tech\/en\/la-lonja-de-la-innovacion-protagonist-of-a-new-cycle-of-la-mirada-economica-on-successful-startups\/#breadcrumb\"},\"inLanguage\":\"en-US\",\"potentialAction\":[{\"@type\":\"ReadAction\",\"target\":[\"https:\/\/lalonja.tech\/en\/la-lonja-de-la-innovacion-protagonist-of-a-new-cycle-of-la-mirada-economica-on-successful-startups\/\"]}]},{\"@type\":\"ImageObject\",\"inLanguage\":\"en-US\",\"@id\":\"https:\/\/lalonja.tech\/en\/la-lonja-de-la-innovacion-protagonist-of-a-new-cycle-of-la-mirada-economica-on-successful-startups\/#primaryimage\",\"url\":\"\/wp-content\/uploads\/2025\/04\/ciclo-pioneros.jpg\",\"contentUrl\":\"\/wp-content\/uploads\/2025\/04\/ciclo-pioneros.jpg\",\"width\":1023,\"height\":720},{\"@type\":\"BreadcrumbList\",\"@id\":\"https:\/\/lalonja.tech\/en\/la-lonja-de-la-innovacion-protagonist-of-a-new-cycle-of-la-mirada-economica-on-successful-startups\/#breadcrumb\",\"itemListElement\":[{\"@type\":\"ListItem\",\"position\":1,\"name\":\"Portada\",\"item\":\"https:\/\/www.lalonja.tech\/en\/\"},{\"@type\":\"ListItem\",\"position\":2,\"name\":\"La Lonja de la Innovaci\u00f3n, protagonist of a new cycle of 'La mirada econ\u00f3mica' on successful startups\"}]},{\"@type\":\"WebSite\",\"@id\":\"https:\/\/www.lalonja.tech\/#website\",\"url\":\"https:\/\/www.lalonja.tech\/\",\"name\":\"La Lonja\",\"description\":\"Revolucionamos la metodolog\u00eda de la innovaci\u00f3n tecnol\u00f3gica en el Puerto de Huelva\",\"publisher\":{\"@id\":\"https:\/\/www.lalonja.tech\/#organization\"},\"potentialAction\":[{\"@type\":\"SearchAction\",\"target\":{\"@type\":\"EntryPoint\",\"urlTemplate\":\"https:\/\/www.lalonja.tech\/?s={search_term_string}\"},\"query-input\":{\"@type\":\"PropertyValueSpecification\",\"valueRequired\":true,\"valueName\":\"search_term_string\"}}],\"inLanguage\":\"en-US\"},{\"@type\":\"Organization\",\"@id\":\"https:\/\/www.lalonja.tech\/#organization\",\"name\":\"La Lonja de la Innovaci\u00f3n\",\"alternateName\":\"La Lonja\",\"url\":\"https:\/\/www.lalonja.tech\/\",\"logo\":{\"@type\":\"ImageObject\",\"inLanguage\":\"en-US\",\"@id\":\"https:\/\/www.lalonja.tech\/#\/schema\/logo\/image\/\",\"url\":\"\/wp-content\/uploads\/2022\/04\/mnEIW6-_400x400.jpg\",\"contentUrl\":\"\/wp-content\/uploads\/2022\/04\/mnEIW6-_400x400.jpg\",\"width\":400,\"height\":400,\"caption\":\"La Lonja de la Innovaci\u00f3n\"},\"image\":{\"@id\":\"https:\/\/www.lalonja.tech\/#\/schema\/logo\/image\/\"},\"sameAs\":[\"https:\/\/www.facebook.com\/lalonjatech\",\"https:\/\/www.linkedin.com\/company\/lalonja-tech\/\",\"https:\/\/www.instagram.com\/lalonjatech\/\"]},{\"@type\":\"Person\",\"@id\":\"https:\/\/www.lalonja.tech\/#\/schema\/person\/fe08183d2e899ac6fbc81a259fac63df\",\"name\":\"Angie Moran\",\"image\":{\"@type\":\"ImageObject\",\"inLanguage\":\"en-US\",\"@id\":\"https:\/\/www.lalonja.tech\/#\/schema\/person\/image\/\",\"url\":\"https:\/\/secure.gravatar.com\/avatar\/aecadf3abb43c0a76f547ccffd2f5c50?s=96&d=mm&r=g\",\"contentUrl\":\"https:\/\/secure.gravatar.com\/avatar\/aecadf3abb43c0a76f547ccffd2f5c50?s=96&d=mm&r=g\",\"caption\":\"Angie Moran\"},\"url\":\"https:\/\/lalonja.tech\/en\/author\/angie-moran\/\"}]}<\/script>\n<!-- \/ Yoast SEO plugin. -->","yoast_head_json":{"title":"La Lonja protagonist of a new cycle of 'La mirada econ\u00f3mica' | La Lonja","description":"A new event in the \"La mirada econ\u00f3mica\" cycle, organized by Huelva24.com and Vocento, had La Lonja de la Innovaci\u00f3n as the protagonist.","robots":{"index":"index","follow":"follow","max-snippet":"max-snippet:-1","max-image-preview":"max-image-preview:large","max-video-preview":"max-video-preview:-1"},"canonical":"https:\/\/lalonja.tech\/en\/la-lonja-de-la-innovacion-protagonist-of-a-new-cycle-of-la-mirada-economica-on-successful-startups\/","og_locale":"en_US","og_type":"article","og_title":"La Lonja protagonist of a new cycle of 'La mirada econ\u00f3mica' | La Lonja","og_description":"A new event in the \"La mirada econ\u00f3mica\" cycle, organized by Huelva24.com and Vocento, had La Lonja de la Innovaci\u00f3n as the protagonist.","og_url":"https:\/\/lalonja.tech\/en\/la-lonja-de-la-innovacion-protagonist-of-a-new-cycle-of-la-mirada-economica-on-successful-startups\/","og_site_name":"La Lonja","article_publisher":"https:\/\/www.facebook.com\/lalonjatech","article_published_time":"2025-04-03T05:00:00+00:00","article_modified_time":"2026-08-28T09:47:35+00:00","og_image":[{"width":1023,"height":720,"url":"https:\/\/lalonja.tech\/wp-content\/uploads\/2025\/04\/ciclo-pioneros.jpg","type":"image\/jpeg"}],"author":"Angie Moran","twitter_card":"summary_large_image","twitter_misc":{"Written by":"Angie Moran","Est. reading time":"4 minutes"},"schema":{"@context":"https:\/\/schema.org","@graph":[{"@type":"Article","@id":"https:\/\/lalonja.tech\/en\/la-lonja-de-la-innovacion-protagonist-of-a-new-cycle-of-la-mirada-economica-on-successful-startups\/#article","isPartOf":{"@id":"https:\/\/lalonja.tech\/en\/la-lonja-de-la-innovacion-protagonist-of-a-new-cycle-of-la-mirada-economica-on-successful-startups\/"},"author":{"name":"Angie Moran","@id":"https:\/\/www.lalonja.tech\/#\/schema\/person\/fe08183d2e899ac6fbc81a259fac63df"},"headline":"La Lonja de la Innovaci\u00f3n, protagonist of a new cycle of 'La mirada econ\u00f3mica' on successful startups","datePublished":"2025-04-03T05:00:00+00:00","dateModified":"2026-08-28T09:47:35+00:00","mainEntityOfPage":{"@id":"https:\/\/lalonja.tech\/en\/la-lonja-de-la-innovacion-protagonist-of-a-new-cycle-of-la-mirada-economica-on-successful-startups\/"},"wordCount":775,"publisher":{"@id":"https:\/\/www.lalonja.tech\/#organization"},"image":{"@id":"https:\/\/lalonja.tech\/en\/la-lonja-de-la-innovacion-protagonist-of-a-new-cycle-of-la-mirada-economica-on-successful-startups\/#primaryimage"},"thumbnailUrl":"\/wp-content\/uploads\/2025\/04\/ciclo-pioneros.jpg","articleSection":["News"],"inLanguage":"en-US"},{"@type":"WebPage","@id":"https:\/\/lalonja.tech\/en\/la-lonja-de-la-innovacion-protagonist-of-a-new-cycle-of-la-mirada-economica-on-successful-startups\/","url":"https:\/\/lalonja.tech\/en\/la-lonja-de-la-innovacion-protagonist-of-a-new-cycle-of-la-mirada-economica-on-successful-startups\/","name":"La Lonja protagonist of a new cycle of 'La mirada econ\u00f3mica' | La Lonja","isPartOf":{"@id":"https:\/\/www.lalonja.tech\/#website"},"primaryImageOfPage":{"@id":"https:\/\/lalonja.tech\/en\/la-lonja-de-la-innovacion-protagonist-of-a-new-cycle-of-la-mirada-economica-on-successful-startups\/#primaryimage"},"image":{"@id":"https:\/\/lalonja.tech\/en\/la-lonja-de-la-innovacion-protagonist-of-a-new-cycle-of-la-mirada-economica-on-successful-startups\/#primaryimage"},"thumbnailUrl":"\/wp-content\/uploads\/2025\/04\/ciclo-pioneros.jpg","datePublished":"2025-04-03T05:00:00+00:00","dateModified":"2026-08-28T09:47:35+00:00","description":"A new event in the \"La mirada econ\u00f3mica\" cycle, organized by Huelva24.com and Vocento, had La Lonja de la Innovaci\u00f3n as the protagonist.","breadcrumb":{"@id":"https:\/\/lalonja.tech\/en\/la-lonja-de-la-innovacion-protagonist-of-a-new-cycle-of-la-mirada-economica-on-successful-startups\/#breadcrumb"},"inLanguage":"en-US","potentialAction":[{"@type":"ReadAction","target":["https:\/\/lalonja.tech\/en\/la-lonja-de-la-innovacion-protagonist-of-a-new-cycle-of-la-mirada-economica-on-successful-startups\/"]}]},{"@type":"ImageObject","inLanguage":"en-US","@id":"https:\/\/lalonja.tech\/en\/la-lonja-de-la-innovacion-protagonist-of-a-new-cycle-of-la-mirada-economica-on-successful-startups\/#primaryimage","url":"\/wp-content\/uploads\/2025\/04\/ciclo-pioneros.jpg","contentUrl":"\/wp-content\/uploads\/2025\/04\/ciclo-pioneros.jpg","width":1023,"height":720},{"@type":"BreadcrumbList","@id":"https:\/\/lalonja.tech\/en\/la-lonja-de-la-innovacion-protagonist-of-a-new-cycle-of-la-mirada-economica-on-successful-startups\/#breadcrumb","itemListElement":[{"@type":"ListItem","position":1,"name":"Portada","item":"https:\/\/www.lalonja.tech\/en\/"},{"@type":"ListItem","position":2,"name":"La Lonja de la Innovaci\u00f3n, protagonist of a new cycle of 'La mirada econ\u00f3mica' on successful startups"}]},{"@type":"WebSite","@id":"https:\/\/www.lalonja.tech\/#website","url":"https:\/\/www.lalonja.tech\/","name":"La Lonja","description":"Revolucionamos la metodolog\u00eda de la innovaci\u00f3n tecnol\u00f3gica en el Puerto de Huelva","publisher":{"@id":"https:\/\/www.lalonja.tech\/#organization"},"potentialAction":[{"@type":"SearchAction","target":{"@type":"EntryPoint","urlTemplate":"https:\/\/www.lalonja.tech\/?s={search_term_string}"},"query-input":{"@type":"PropertyValueSpecification","valueRequired":true,"valueName":"search_term_string"}}],"inLanguage":"en-US"},{"@type":"Organization","@id":"https:\/\/www.lalonja.tech\/#organization","name":"La Lonja de la Innovaci\u00f3n","alternateName":"La Lonja","url":"https:\/\/www.lalonja.tech\/","logo":{"@type":"ImageObject","inLanguage":"en-US","@id":"https:\/\/www.lalonja.tech\/#\/schema\/logo\/image\/","url":"\/wp-content\/uploads\/2022\/04\/mnEIW6-_400x400.jpg","contentUrl":"\/wp-content\/uploads\/2022\/04\/mnEIW6-_400x400.jpg","width":400,"height":400,"caption":"La Lonja de la Innovaci\u00f3n"},"image":{"@id":"https:\/\/www.lalonja.tech\/#\/schema\/logo\/image\/"},"sameAs":["https:\/\/www.facebook.com\/lalonjatech","https:\/\/www.linkedin.com\/company\/lalonja-tech\/","https:\/\/www.instagram.com\/lalonjatech\/"]},{"@type":"Person","@id":"https:\/\/www.lalonja.tech\/#\/schema\/person\/fe08183d2e899ac6fbc81a259fac63df","name":"Angie Moran","image":{"@type":"ImageObject","inLanguage":"en-US","@id":"https:\/\/www.lalonja.tech\/#\/schema\/person\/image\/","url":"https:\/\/secure.gravatar.com\/avatar\/aecadf3abb43c0a76f547ccffd2f5c50?s=96&d=mm&r=g","contentUrl":"https:\/\/secure.gravatar.com\/avatar\/aecadf3abb43c0a76f547ccffd2f5c50?s=96&d=mm&r=g","caption":"Angie Moran"},"url":"https:\/\/lalonja.tech\/en\/author\/angie-moran\/"}]}},"_links":{"self":[{"href":"https:\/\/lalonja.tech\/en\/wp-json\/wp\/v2\/posts\/9489"}],"collection":[{"href":"https:\/\/lalonja.tech\/en\/wp-json\/wp\/v2\/posts"}],"about":[{"href":"https:\/\/lalonja.tech\/en\/wp-json\/wp\/v2\/types\/post"}],"author":[{"embeddable":true,"href":"https:\/\/lalonja.tech\/en\/wp-json\/wp\/v2\/users\/6"}],"replies":[{"embeddable":true,"href":"https:\/\/lalonja.tech\/en\/wp-json\/wp\/v2\/comments?post=9489"}],"version-history":[{"count":1,"href":"https:\/\/lalonja.tech\/en\/wp-json\/wp\/v2\/posts\/9489\/revisions"}],"predecessor-version":[{"id":9490,"href":"https:\/\/lalonja.tech\/en\/wp-json\/wp\/v2\/posts\/9489\/revisions\/9490"}],"wp:featuredmedia":[{"embeddable":true,"href":"https:\/\/lalonja.tech\/en\/wp-json\/wp\/v2\/media\/7583"}],"wp:attachment":[{"href":"https:\/\/lalonja.tech\/en\/wp-json\/wp\/v2\/media?parent=9489"}],"wp:term":[{"taxonomy":"category","embeddable":true,"href":"https:\/\/lalonja.tech\/en\/wp-json\/wp\/v2\/categories?post=9489"},{"taxonomy":"post_tag","embeddable":true,"href":"https:\/\/lalonja.tech\/en\/wp-json\/wp\/v2\/tags?post=9489"}],"curies":[{"name":"wp","href":"https:\/\/api.w.org\/{rel}","templated":true}]}}